[{"@context":"https:\/\/schema.org\/","@type":"Article","@id":"https:\/\/www.sits.cz\/doma-muzete-mit-prijemne-klima\/#Article","mainEntityOfPage":"https:\/\/www.sits.cz\/doma-muzete-mit-prijemne-klima\/","headline":"Doma m\u016f\u017eete m\u00edt p\u0159\u00edjemn\u00e9 klima","name":"Doma m\u016f\u017eete m\u00edt p\u0159\u00edjemn\u00e9 klima","description":"Ne ka\u017ed\u00fd si potrp\u00ed na velk\u00e1 vedra. Pokud pat\u0159\u00edte k lidem, kte\u0159\u00ed je sp\u00ed\u0161e nemus\u00ed, ur\u010dit\u011b se v\u00e1m bude hodit doma klimatizace. ta kupodivu nemus\u00ed b\u00fdt v\u016fbec drah\u00e1. Doma m\u016f\u017eete m\u00edt p\u0159\u00edjemn\u00e9 klima Letn\u00ed vedra mnoho lid\u00ed miluje. Ned\u00e1 se asi \u010demu divit. V\u017edy\u0165 jara v na\u0161ich kon\u010din\u00e1ch kdov\u00edjak tepl\u00e1 neb\u00fdvaj\u00ed a kdo by se [&hellip;]","datePublished":"2020-08-09","dateModified":"2023-06-07","author":{"@type":"Person","@id":"https:\/\/www.sits.cz\/author\/#Person","name":"","url":"https:\/\/www.sits.cz\/author\/","identifier":1,"image":{"@type":"ImageObject","@id":"https:\/\/secure.gravatar.com\/avatar\/418160ee289a2fec3674f670db35c39ff464fe73fac536520dac7def2cfdeb26?s=96&d=mm&r=g","url":"https:\/\/secure.gravatar.com\/avatar\/418160ee289a2fec3674f670db35c39ff464fe73fac536520dac7def2cfdeb26?s=96&d=mm&r=g","height":96,"width":96}},"publisher":{"@type":"Organization","name":"sits.cz","logo":{"@type":"ImageObject","@id":"\/logo.png","url":"\/logo.png","width":600,"height":60}},"image":{"@type":"ImageObject","@id":"https:\/\/www.sits.cz\/wp-content\/uploads\/N%C3%A1st%C4%9Bnn%C3%A1%20klimatizace.jpg","url":"https:\/\/www.sits.cz\/wp-content\/uploads\/N%C3%A1st%C4%9Bnn%C3%A1%20klimatizace.jpg","height":0,"width":0},"url":"https:\/\/www.sits.cz\/doma-muzete-mit-prijemne-klima\/","about":["Podnik\u00e1n\u00ed"],"wordCount":485,"articleBody":"   Ne ka\u017ed\u00fd si potrp\u00ed na velk\u00e1 vedra. Pokud pat\u0159\u00edte k lidem, kte\u0159\u00ed je sp\u00ed\u0161e nemus\u00ed, ur\u010dit\u011b se v\u00e1m bude hodit doma klimatizace. ta kupodivu nemus\u00ed b\u00fdt v\u016fbec drah\u00e1.Doma m\u016f\u017eete m\u00edt p\u0159\u00edjemn\u00e9 klimaLetn\u00ed vedra mnoho lid\u00ed miluje. Ned\u00e1 se asi \u010demu divit. V\u017edy\u0165 jara v na\u0161ich kon\u010din\u00e1ch kdov\u00edjak tepl\u00e1 neb\u00fdvaj\u00ed a kdo by se net\u011b\u0161il na to, a\u017e se trochu proh\u0159eje. Ov\u0161em \u010deho je moc, toho je p\u0159\u00edli\u0161. Je rozd\u00edl u\u017e\u00edvat si tropy n\u011bkolik m\u00e1lo dn\u00ed v m\u011bs\u00edci nebo n\u011bkolik t\u00fddn\u016f v kuse. To u\u017e i ten nejv\u011bt\u0161\u00ed milovn\u00edk velk\u00fdch veder o\u010dek\u00e1v\u00e1 ochlazen\u00ed. Takov\u00e9to po\u010das\u00ed nen\u00ed nav\u00edc otravn\u00e9 jen p\u0159es den, ale dok\u00e1\u017ee klidem ztrp\u010dovat \u017eivot i v no\u010dn\u00edch hodin\u00e1ch. Je toti\u017e velk\u00fd rozd\u00edl sna\u017eit se usnout, kdy\u017e je venku deset nebo dvacet p\u011bt stup\u0148\u016f.Proti tomu se d\u00e1 samoz\u0159ejm\u011b bojovat, a sice modern\u00edmi prost\u0159edky. Kup\u0159\u00edkladu takov\u00e9 v\u011btr\u00e1n\u00ed je zcela zbyte\u010dn\u00e9 a sp\u00ed\u0161e kontraproduktivn\u00ed, jeliko\u017e tepl\u00fd vzduch pust\u00edte p\u0159\u00edmo k sob\u011b dom\u016f, co\u017e nen\u00ed zrovna ve va\u0161em z\u00e1jmu. Z toho d\u016fvodu byste si m\u011bli po\u0159\u00eddit klimatizaci praha. Jedn\u00e1 se o technologick\u00fd dopln\u011bk, kter\u00fd v\u0161ak hlavn\u011b v l\u00e9t\u011b bude u v\u00e1s doma hr\u00e1t prvn\u00ed housle.Vyberte si tu spr\u00e1vnouTento p\u0159\u00edstroj nen\u00ed ani v na\u0161ich kon\u010din\u00e1ch nic nezn\u00e1m\u00e9ho. V\u017edy\u0165 na n\u011bj b\u011b\u017en\u011b m\u016f\u017eeme narazit na mnoha pracovi\u0161t\u00edch, v restaurac\u00edch ale t\u0159eba i v obchodech, kde by nebylo jinak v letn\u00edch m\u011bs\u00edc\u00edch prakticky k vydr\u017een\u00ed. Ov\u0161em co se t\u00fd\u010de dom\u00e1cnost\u00ed, tam st\u00e1le pou\u017e\u00edv\u00e1me dost p\u0159ekonan\u00e9 klasick\u00e9 v\u011btr\u00e1ky. A jak by tak\u00e9 ne, kdy\u017e se daj\u00ed po\u0159\u00eddit za p\u00e1r stovek. A to i ty velk\u00e9. Ov\u0161em tento druh ochlazen\u00ed nen\u00ed zrovna efektivn\u00ed. Kdy\u017e si po\u0159\u00edd\u00edte spr\u00e1vnou klimatizaci, dok\u00e1\u017eete si s jej\u00ed pomoc\u00ed doma vytvo\u0159it p\u0159esn\u011b takovou tepelnou pohodu, jakou m\u00e1te nejrad\u0161i. Z\u00e1le\u017e\u00ed dost na tom, jak\u00fd model zvol\u00edte. Ov\u0161em ka\u017ed\u00fd je mnohem lep\u0161\u00ed ne\u017e v\u011btr\u00e1k.Vhodn\u00e9 i pro alergikyKlimatizaci, na rozd\u00edl od v\u011btr\u00e1ku, toti\u017e m\u016f\u017eete pou\u017e\u00edvat v m\u00edstnostech, kde se b\u011b\u017en\u011b pohybuj\u00ed alergici, hlavn\u011b takov\u00ed, kte\u0159\u00ed trp\u00ed sennou r\u00fdmou. V\u011btr\u00e1k m\u00e1 toti\u017e tu nep\u0159\u00edjemnou vlastnost, \u017ee v\u00ed\u0159\u00ed nejen vzduch, ale i \u010d\u00e1stice v n\u011bm obsa\u017een\u00e9. A ty distribuuje do okol\u00ed, co\u017e samoz\u0159ejm\u011b m\u016f\u017ee u citliv\u011bj\u0161\u00edch jedinc\u016f vyvol\u00e1vat i z\u00e1chvaty ka\u0161le nebo r\u00fdmy.                                                                                                                                                                                                                                                                                                                                                                                          4\/5 - (9 votes)        "},{"@context":"https:\/\/schema.org\/","@type":"BreadcrumbList","itemListElement":[{"@type":"ListItem","position":1,"name":"Doma m\u016f\u017eete m\u00edt p\u0159\u00edjemn\u00e9 klima","item":"https:\/\/www.sits.cz\/doma-muzete-mit-prijemne-klima\/#breadcrumbitem"}]}]