[{"@context":"https:\/\/schema.org\/","@type":"Article","@id":"https:\/\/www.sits.cz\/foceni-miminek-praha-vam-zvecni-ty-nejkrasnejsi-chvile\/#Article","mainEntityOfPage":"https:\/\/www.sits.cz\/foceni-miminek-praha-vam-zvecni-ty-nejkrasnejsi-chvile\/","headline":"Focen\u00ed miminek Praha v\u00e1m zv\u011b\u010dn\u00ed ty nejkr\u00e1sn\u011bj\u0161\u00ed chv\u00edle","name":"Focen\u00ed miminek Praha v\u00e1m zv\u011b\u010dn\u00ed ty nejkr\u00e1sn\u011bj\u0161\u00ed chv\u00edle","description":"","datePublished":"2018-02-27","dateModified":"2023-09-02","author":{"@type":"Person","@id":"https:\/\/www.sits.cz\/author\/#Person","name":"","url":"https:\/\/www.sits.cz\/author\/","identifier":1,"image":{"@type":"ImageObject","@id":"https:\/\/secure.gravatar.com\/avatar\/418160ee289a2fec3674f670db35c39ff464fe73fac536520dac7def2cfdeb26?s=96&d=mm&r=g","url":"https:\/\/secure.gravatar.com\/avatar\/418160ee289a2fec3674f670db35c39ff464fe73fac536520dac7def2cfdeb26?s=96&d=mm&r=g","height":96,"width":96}},"publisher":{"@type":"Organization","name":"sits.cz","logo":{"@type":"ImageObject","@id":"\/logo.png","url":"\/logo.png","width":600,"height":60}},"image":{"@type":"ImageObject","@id":"https:\/\/www.sits.cz\/wp-content\/uploads\/img_a310302_w2093_t1521201482.jpg","url":"https:\/\/www.sits.cz\/wp-content\/uploads\/img_a310302_w2093_t1521201482.jpg","height":0,"width":0},"url":"https:\/\/www.sits.cz\/foceni-miminek-praha-vam-zvecni-ty-nejkrasnejsi-chvile\/","about":["Podnik\u00e1n\u00ed"],"wordCount":0,"articleBody":"  "},{"@context":"https:\/\/schema.org\/","@type":"BreadcrumbList","itemListElement":[{"@type":"ListItem","position":1,"name":"Focen\u00ed miminek Praha v\u00e1m zv\u011b\u010dn\u00ed ty nejkr\u00e1sn\u011bj\u0161\u00ed chv\u00edle","item":"https:\/\/www.sits.cz\/foceni-miminek-praha-vam-zvecni-ty-nejkrasnejsi-chvile\/#breadcrumbitem"}]}]