[{"@context":"https:\/\/schema.org\/","@type":"Article","@id":"https:\/\/www.sits.cz\/jaci-jsme-byli-pred-internetem\/#Article","mainEntityOfPage":"https:\/\/www.sits.cz\/jaci-jsme-byli-pred-internetem\/","headline":"Jac\u00ed jsme byli p\u0159ed internetem","name":"Jac\u00ed jsme byli p\u0159ed internetem","description":"Mohou se naj\u00edt lid\u00e9, kte\u0159\u00ed s\u00a0m\u00fdm n\u00e1zorem nebudou souhlasit. Ale mysl\u00edm si, \u017ee pokud z\u016fstanu co nejv\u00edce neutr\u00e1ln\u00ed, mohl by se nad t\u00edm ka\u017ed\u00fd alespo\u0148 trochu zamyslet. S\u00a0kapkou soudnosti a bez naivity se d\u00e1 \u0159\u00edci, \u017ee generace dne\u0161n\u00edch d\u011bt\u00ed um\u00ed jen chatovat, mluvit sprost\u011b \u010di fotit selfie na soci\u00e1ln\u00ed s\u00edt\u011b. Jist\u011b, \u017ee existuj\u00ed jednotlivci, kte\u0159\u00ed [&hellip;]","datePublished":"2023-06-07","dateModified":"2023-06-07","author":{"@type":"Person","@id":"https:\/\/www.sits.cz\/author\/#Person","name":"","url":"https:\/\/www.sits.cz\/author\/","identifier":1,"image":{"@type":"ImageObject","@id":"https:\/\/secure.gravatar.com\/avatar\/418160ee289a2fec3674f670db35c39ff464fe73fac536520dac7def2cfdeb26?s=96&d=mm&r=g","url":"https:\/\/secure.gravatar.com\/avatar\/418160ee289a2fec3674f670db35c39ff464fe73fac536520dac7def2cfdeb26?s=96&d=mm&r=g","height":96,"width":96}},"publisher":{"@type":"Organization","name":"sits.cz","logo":{"@type":"ImageObject","@id":"\/logo.png","url":"\/logo.png","width":600,"height":60}},"image":{"@type":"ImageObject","@id":"https:\/\/www.sits.cz\/wp-content\/uploads\/img_a294335_w2240_t1506313909.jpg","url":"https:\/\/www.sits.cz\/wp-content\/uploads\/img_a294335_w2240_t1506313909.jpg","height":0,"width":0},"url":"https:\/\/www.sits.cz\/jaci-jsme-byli-pred-internetem\/","wordCount":418,"articleBody":"Mohou se naj\u00edt lid\u00e9, kte\u0159\u00ed s\u00a0m\u00fdm n\u00e1zorem nebudou souhlasit. Ale mysl\u00edm si, \u017ee pokud z\u016fstanu co nejv\u00edce neutr\u00e1ln\u00ed, mohl by se nad t\u00edm ka\u017ed\u00fd alespo\u0148 trochu zamyslet. S\u00a0kapkou soudnosti a bez naivity se d\u00e1 \u0159\u00edci, \u017ee generace dne\u0161n\u00edch d\u011bt\u00ed um\u00ed jen chatovat, mluvit sprost\u011b \u010di fotit selfie na soci\u00e1ln\u00ed s\u00edt\u011b. Jist\u011b, \u017ee existuj\u00ed jednotlivci, kte\u0159\u00ed jsou st\u00e1le schopni p\u0159e\u017e\u00edt den bez mobilu bez jak\u00e9koliv \u00fahony na zdrav\u00ed, ale je jich \u010d\u00edm d\u00e1l t\u00edm m\u00e9n\u011b.Den d\u00edt\u011bte dne\u0161ka prob\u00edh\u00e1 asi tak, \u017ee se r\u00e1no vzbud\u00ed a d\u0159\u00edve, ne\u017e vyt\u00e1hne paty z\u00a0postele, zkontroluje sv\u016fj Instagram, Facebook, n\u011bkte\u0159\u00ed mo\u017en\u00e1 projedou i Twitter. Pot\u00e9 p\u0159i sn\u00eddani je\u0161t\u011b odep\u00ed\u0161\u00ed na p\u00e1r zpr\u00e1v. V\u00a0autobuse si nepov\u00eddaj\u00ed mezi sebou, ale jsou na mobilu, v\u00a0lep\u0161\u00edm p\u0159\u00edpad\u011b poslouchaj\u00ed p\u00edsni\u010dky. Ve \u0161kole jsou na mobilech klidn\u011b p\u0159i hodin\u011b, p\u0159est\u00e1vky tr\u00e1v\u00ed tak\u00e9 samoz\u0159ejm\u011b s\u00a0mobilem v\u00a0ruce. P\u0159i cest\u011b dom\u016f jsou neust\u00e1le ve st\u0159ehu, jestli jim n\u011bkdo n\u011bco neposlal \u010di nenapsal. Kdy\u017e se po dni pln\u00e9m internetu dobelhaj\u00ed dom\u016f, nejsou schopni se j\u00edt u\u010dit hned, tud\u00ed\u017e se rozhodnou, \u017ee budou je\u0161t\u011b chv\u00edli na mobilu. A jejda, trochu se n\u00e1m ta prokrastinace na mobilu prot\u00e1hla z\u00a0dvaceti minut na hodinu a p\u016fl. No nevad\u00ed, je\u0161t\u011b zavol\u00e1m kamar\u00e1dce a p\u016fjdu sp\u00e1t. Samoz\u0159ejm\u011b si otev\u0159u je\u0161t\u011b notebook a pod\u00edv\u00e1m se na n\u011bjak\u00fd seri\u00e1l.Tento den nen\u00ed ani trochu p\u0159ita\u017een\u00fd za u\u0161i, takto to chod\u00ed u v\u011bt\u0161iny z\u00a0\u010desk\u00fdch \u010di jin\u00fdch teenager\u016f denn\u011b. Ani jim nep\u0159ijde divn\u00e9, \u017ee na mobilu str\u00e1v\u00ed a\u017e \u010dty\u0159i hodiny denn\u011b.\t\tD\u011bti se neum\u00ed jinak zabavitKv\u016fli internetu d\u011bti ztratily schopnost se bavit n\u011b\u010d\u00edm jako je m\u00ed\u010d, kolo nebo jednoduch\u00e9 kl\u00e1bosen\u00ed na h\u0159i\u0161ti s\u00a0ostatn\u00edmi kamar\u00e1dy. Je to smutn\u00e9, ale ud\u011blal to z\u00a0nich internet. V\u011bt\u0161ina v\u00fdchovn\u00fdch \u010di vzd\u011bl\u00e1vac\u00edch za\u0159\u00edzen\u00ed se nav\u00edc ani nesna\u017e\u00ed jejich po\u010d\u00edn\u00e1n\u00ed zm\u011bnit, instaluj\u00ed si toti\u017e voln\u011b p\u0159\u00edstupn\u00e9 Wi-Fi. Je to jednodu\u0161e za\u010darovan\u00fd kruh, ze kter\u00e9ho u\u017e nebude lehk\u00e9 se dostat.                                                                                                                                                                                                                                                                                                                                                                                        4.1\/5 - (10 votes)        "},{"@context":"https:\/\/schema.org\/","@type":"BreadcrumbList","itemListElement":[{"@type":"ListItem","position":1,"name":"Jac\u00ed jsme byli p\u0159ed internetem","item":"https:\/\/www.sits.cz\/jaci-jsme-byli-pred-internetem\/#breadcrumbitem"}]}]