[{"@context":"https:\/\/schema.org\/","@type":"Article","@id":"https:\/\/www.sits.cz\/o-znacce-pro-vasnive-lyzare-nebo-snowboardisty\/#Article","mainEntityOfPage":"https:\/\/www.sits.cz\/o-znacce-pro-vasnive-lyzare-nebo-snowboardisty\/","headline":"O zna\u010dce pro v\u00e1\u0161niv\u00e9 ly\u017ea\u0159e, nebo snowboardisty!","name":"O zna\u010dce pro v\u00e1\u0161niv\u00e9 ly\u017ea\u0159e, nebo snowboardisty!","description":"Kari Traa C-store.cz byla velice zn\u00e1m\u00e1 ly\u017ea\u0159ka z Norska. D\u00edky n\u00ed vznikla nov\u00e1 zna\u010dka oble\u010den\u00ed pro v\u0161echny v\u00e1\u0161niv\u00e9 sportovce, hlavn\u011b ly\u017ea\u0159e! Dnes v\u00e1m chci nab\u00eddnout oble\u010den\u00ed od skv\u011bl\u00e9 a kvalitn\u00ed zna\u010dky Kari Traa. Jak tato zna\u010dka vznikla a pro\u010d je zrovna dobr\u00e9 nakupovat oble\u010den\u00ed od t\u00e9to zna\u010dky? Kari Traa byla ly\u017ea\u0159ka z Norska, a proto\u017ee [&hellip;]","datePublished":"2023-01-14","dateModified":"2023-06-07","author":{"@type":"Person","@id":"https:\/\/www.sits.cz\/author\/#Person","name":"","url":"https:\/\/www.sits.cz\/author\/","identifier":1,"image":{"@type":"ImageObject","@id":"https:\/\/secure.gravatar.com\/avatar\/418160ee289a2fec3674f670db35c39ff464fe73fac536520dac7def2cfdeb26?s=96&d=mm&r=g","url":"https:\/\/secure.gravatar.com\/avatar\/418160ee289a2fec3674f670db35c39ff464fe73fac536520dac7def2cfdeb26?s=96&d=mm&r=g","height":96,"width":96}},"publisher":{"@type":"Organization","name":"sits.cz","logo":{"@type":"ImageObject","@id":"\/logo.png","url":"\/logo.png","width":600,"height":60}},"image":{"@type":"ImageObject","@id":"https:\/\/www.sits.cz\/wp-content\/uploads\/watercolour-4798917_960_720.jpg","url":"https:\/\/www.sits.cz\/wp-content\/uploads\/watercolour-4798917_960_720.jpg","height":0,"width":0},"url":"https:\/\/www.sits.cz\/o-znacce-pro-vasnive-lyzare-nebo-snowboardisty\/","about":["Podnik\u00e1n\u00ed"],"wordCount":419,"articleBody":"      Kari Traa C-store.cz byla velice zn\u00e1m\u00e1 ly\u017ea\u0159ka z Norska. D\u00edky n\u00ed vznikla nov\u00e1 zna\u010dka oble\u010den\u00ed pro v\u0161echny v\u00e1\u0161niv\u00e9 sportovce, hlavn\u011b ly\u017ea\u0159e! Dnes v\u00e1m chci nab\u00eddnout oble\u010den\u00ed od skv\u011bl\u00e9 a kvalitn\u00ed zna\u010dky Kari Traa. Jak tato zna\u010dka vznikla a pro\u010d je zrovna dobr\u00e9 nakupovat oble\u010den\u00ed od t\u00e9to zna\u010dky? Kari Traa byla ly\u017ea\u0159ka z Norska, a proto\u017ee j\u00ed nevyhovovalo oble\u010den\u00ed ve kter\u00e9m ly\u017eovala, za\u010dala si pl\u00e9st svoje vlastn\u00ed \u010depice. Postupn\u011b si pletla i ostatn\u00ed oble\u010den\u00ed vhodn\u00e9 na ly\u017eov\u00e1n\u00ed, za\u010dala podnikat a d\u00edky n\u00ed vznikla pr\u00e1v\u011b zna\u010dka pojmenovan\u00e1 po n\u00ed, a to zna\u010dka Kari Traa. Nicm\u00e9n\u011b pozor! Tato zna\u010dka je ur\u010den\u00e1 pouze pro \u017eeny!! Z\u00e1kladn\u00ed vrstva je vyrobena z vlny. Velikou v\u00fdhodou je \u017ee oble\u010den\u00ed je opravdu velice tepl\u00e9 a tak\u00e9 snadno se udr\u017euje. Co tato zna\u010dka nab\u00edz\u00ed za oble\u010den\u00ed? Velice tepl\u00e9 a kvalitn\u00ed termopr\u00e1dlo \u2013 trika s opravdu n\u00e1dhern\u00fdmi vzory r\u016fzn\u00fdch barev, tyto tri\u010dka se skl\u00e1daj\u00ed z 60 % Merino vlny a technick\u00e9ho vl\u00e1kna. Trika jsou velice p\u0159\u00edjemn\u00e1 a pohodln\u00e1. D\u00e1le pak nab\u00edz\u00edme n\u00e1dhern\u00e9 bundy a vesty v \u010derven\u00e9, fialov\u00e9 a r\u016f\u017eov\u00e9 barv\u011b! Krom oble\u010den\u00ed m\u016f\u017eete tak\u00e9 zakoupit r\u016fzn\u00e9 dopl\u0148ky, a to t\u0159eba \u010depice, kde nen\u00ed jedna jako druh\u00e1, ale ka\u017ed\u00e1 je velice origin\u00e1ln\u00ed a \u00fapln\u011b odli\u0161n\u00e1 s jin\u00fdmi vzory. Tak\u00e9 nab\u00edz\u00edme n\u00e1kr\u010dn\u00edky a v\u0161e co je pot\u0159eba na ly\u017ee! Kalhoty, kter\u00e9 nab\u00edz\u00edme jsou rychleschnouc\u00ed, jsou maxim\u00e1ln\u011b pohodln\u00e9, daj\u00ed se pou\u017e\u00edt po cel\u00fd rok za ka\u017ed\u00e9ho po\u010das\u00ed! Ur\u010dit\u011b \u017eeny nev\u00e1hejte a nakupujte! I j\u00e1 zva\u017euju \u017ee si od t\u00e9to zna\u010dky n\u011bjak\u00e9 oble\u010den\u00ed na ly\u017ee koup\u00edm. Jednak kv\u016fli zaru\u010den\u00e9 kvalit\u011b, a proto\u017ee jsem zat\u00edm termo tri\u010dka, kalhoty, nebo \u010depice s tak n\u00e1dhern\u00fdmi vzory snad je\u0161t\u011b nikdy nevid\u011bla! Dokonce i zn\u00e1m\u00e1 snowboardistka z\u00e1vod\u00edc\u00ed ve snowboardcrossu, kter\u00e1 se stala olympijskou v\u00edt\u011bzkou na Zimn\u00edch olympijsk\u00fdch hr\u00e1ch v roce 2014 v So\u010di tak\u00e9 nakupuje r\u016fzn\u00e9 druhy oble\u010den\u00ed od zna\u010dky Kari Traa. A to nap\u0159\u00edklad leg\u00edny, boty, tri\u010dka, nebo kra\u0165asy.                                                                                                                                                                                                                                                                                                                                                                                          4.1\/5 - (8 votes)        "},{"@context":"https:\/\/schema.org\/","@type":"BreadcrumbList","itemListElement":[{"@type":"ListItem","position":1,"name":"O zna\u010dce pro v\u00e1\u0161niv\u00e9 ly\u017ea\u0159e, nebo snowboardisty!","item":"https:\/\/www.sits.cz\/o-znacce-pro-vasnive-lyzare-nebo-snowboardisty\/#breadcrumbitem"}]}]