[{"@context":"https:\/\/schema.org\/","@type":"Article","@id":"https:\/\/www.sits.cz\/prima-dovolena\/#Article","mainEntityOfPage":"https:\/\/www.sits.cz\/prima-dovolena\/","headline":"Prima dovolen\u00e1","name":"Prima dovolen\u00e1","description":"Pamatuji si na svoji prvn\u00ed dovolenou, kdy jsem byla s celou rodinou na Sardinii. A mus\u00edm \u0159\u00edct, \u017ee pro m\u011b to bylo \u00fapln\u011b n\u011bco nov\u00e9ho. Nikdy jsem nebyla na \u017e\u00e1dn\u00e9 velk\u00e9 dovolen\u00e9 a u mo\u0159e u\u017e jsem v\u016fbec nebyla. Mo\u0159e bylo pro m\u011b n\u011bco \u00fapln\u011b nov\u00e9ho a mus\u00edm \u0159\u00edct, \u017ee takovouto dovolenou jsem si v\u016fbec [&hellip;]","datePublished":"2022-04-27","dateModified":"2023-06-07","author":{"@type":"Person","@id":"https:\/\/www.sits.cz\/author\/#Person","name":"","url":"https:\/\/www.sits.cz\/author\/","identifier":1,"image":{"@type":"ImageObject","@id":"https:\/\/secure.gravatar.com\/avatar\/418160ee289a2fec3674f670db35c39ff464fe73fac536520dac7def2cfdeb26?s=96&d=mm&r=g","url":"https:\/\/secure.gravatar.com\/avatar\/418160ee289a2fec3674f670db35c39ff464fe73fac536520dac7def2cfdeb26?s=96&d=mm&r=g","height":96,"width":96}},"publisher":{"@type":"Organization","name":"sits.cz","logo":{"@type":"ImageObject","@id":"\/logo.png","url":"\/logo.png","width":600,"height":60}},"image":{"@type":"ImageObject","@id":"https:\/\/www.sits.cz\/wp-content\/uploads\/Opera%20Sn%C3%ADmek_2022-07-22_143749_www.google.com_1.png","url":"https:\/\/www.sits.cz\/wp-content\/uploads\/Opera%20Sn%C3%ADmek_2022-07-22_143749_www.google.com_1.png","height":0,"width":0},"url":"https:\/\/www.sits.cz\/prima-dovolena\/","about":["Dovolen\u00e1"],"wordCount":419,"articleBody":"Pamatuji si na svoji prvn\u00ed dovolenou, kdy jsem byla s celou rodinou na Sardinii. A mus\u00edm \u0159\u00edct, \u017ee pro m\u011b to bylo \u00fapln\u011b n\u011bco nov\u00e9ho. Nikdy jsem nebyla na \u017e\u00e1dn\u00e9 velk\u00e9 dovolen\u00e9 a u mo\u0159e u\u017e jsem v\u016fbec nebyla. Mo\u0159e bylo pro m\u011b n\u011bco \u00fapln\u011b nov\u00e9ho a mus\u00edm \u0159\u00edct, \u017ee takovouto dovolenou jsem si v\u016fbec nep\u0159edstavovala. Abych pravdu \u0159ekla, tak jsem si myslela, \u017ee na\u0161e dovolen\u00e1 bude \u00fapln\u011b n\u011bco oby\u010dejn\u00e9ho, jako v\u017edycky. Byla jsem zvykl\u00e1, \u017ee na\u0161e dovolen\u00e9 jsou v\u017edycky n\u011bkde v m\u00edst\u011b tak pades\u00e1t kilometr\u016f od na\u0161eho bydli\u0161t\u011b. V\u011bt\u0161inou to bylo tak, \u017ee jsme jeli na n\u011bjak\u00e9 velk\u00e9 h\u0159i\u0161t\u011b, kde jsme potom jeden den p\u0159espali v n\u011bjak\u00e9m mal\u00e9m hotelu, a to bylo v\u0161echno. Rodi\u010de toti\u017e nem\u011bli moc pen\u011bz, ale cht\u011bli, abychom my d\u011bti m\u011bly p\u011bkn\u00e9 vzpom\u00ednky, tak\u017ee jsme aspo\u0148 jezdili na r\u016fzn\u00e1 ciz\u00ed h\u0159i\u0161t\u011b. A mn\u011b se to ale taky moc l\u00edbilo a byla jsem vd\u011b\u010dn\u00e1, \u017ee my d\u011bti nemus\u00edme sed\u011bt st\u00e1le doma. A proto, kdy\u017e jsme se vypravili na na\u0161\u00ed prvn\u00ed dovolenou na Sardinii, tak jsem tomu ani nemohla v\u011b\u0159it.Bylo to pro m\u011b naprosto dokonal\u00e9 a ne\u010dekan\u00e9, n\u011bco nov\u00e9ho. Taky jsem se \u00fapln\u011b divila, \u017ee mo\u0159e je slan\u00e9. Samoz\u0159ejm\u011b, \u017ee jsem to v\u011bd\u011bla, \u017ee je slan\u00e9 mo\u0159e. Jenom\u017ee samou radost\u00ed jsem si to neuv\u011bdomila. Tak jsem cel\u00e1 nat\u011b\u0161en\u00e1 ut\u00edkala do vody a potopila jsem se. Potom jsem byla hodn\u011b v \u0161oku, kdy\u017e jsem m\u011bla celou pusu od soli. Za\u010dala jsem ka\u0161lat a m\u00e1lem jsem se asi udusila. Byla jsem r\u00e1da, \u017ee rodi\u010de m\u011bli na sou\u0161i na dece pit\u00ed. Tak\u017ee od t\u00e9 doby jsem si u\u017e dala na slanou vodu pozor. Nicm\u00e9n\u011b ale za dva dny jsem si na to tak zvykla, \u017ee mi slan\u00e1 voda v\u016fbec nevadila ani na o\u010di. Mus\u00edm \u0159\u00edct, \u017ee moje dovolen\u00e1 na Sardinii byla \u00fapln\u011b ide\u00e1ln\u00ed a v \u017eivot\u011b na n\u00ed nezapomenu. Nyn\u00ed jsem dosp\u011bl\u00e1 a na dovolenou jezd\u00edm\u00a0pravideln\u011b\u00a0u\u017e se svou rodinou. Taky n\u011bkdy nezapomenu vz\u00edt s sebou sv\u00e9 rodi\u010de, abych\u00a0jim taky je\u0161t\u011b uk\u00e1zala, jak kr\u00e1sn\u00e9 je mo\u0159e a dovolen\u00e9.                                                                                                                                                                                                                                                                                                                                                                                        4.3\/5 - (9 votes)        "},{"@context":"https:\/\/schema.org\/","@type":"BreadcrumbList","itemListElement":[{"@type":"ListItem","position":1,"name":"Prima dovolen\u00e1","item":"https:\/\/www.sits.cz\/prima-dovolena\/#breadcrumbitem"}]}]